{"id":2348,"date":"2022-06-29T10:29:48","date_gmt":"2022-06-29T10:29:48","guid":{"rendered":"https:\/\/www.gaiaecocrianza.com\/blog\/?p=2348"},"modified":"2022-06-29T10:29:49","modified_gmt":"2022-06-29T10:29:49","slug":"como-utilizar-el-calendario-anual-de-grimms","status":"publish","type":"post","link":"https:\/\/www.gaiaecocrianza.com\/blog\/como-utilizar-el-calendario-anual-de-grimms\/","title":{"rendered":"C\u00f3mo utilizar el calendario anual de Grimm\u00b4s"},"content":{"rendered":"\n<figure class=\"wp-block-image size-large\"><img loading=\"lazy\" decoding=\"async\" width=\"1024\" height=\"768\" src=\"https:\/\/www.gaiaecocrianza.com\/blog\/wp-content\/uploads\/2022\/06\/IMG_8730-1024x768.jpg\" alt=\"\" class=\"wp-image-2362\" srcset=\"https:\/\/www.gaiaecocrianza.com\/blog\/wp-content\/uploads\/2022\/06\/IMG_8730-1024x768.jpg 1024w, https:\/\/www.gaiaecocrianza.com\/blog\/wp-content\/uploads\/2022\/06\/IMG_8730-300x225.jpg 300w, https:\/\/www.gaiaecocrianza.com\/blog\/wp-content\/uploads\/2022\/06\/IMG_8730-768x576.jpg 768w, https:\/\/www.gaiaecocrianza.com\/blog\/wp-content\/uploads\/2022\/06\/IMG_8730-1536x1152.jpg 1536w, https:\/\/www.gaiaecocrianza.com\/blog\/wp-content\/uploads\/2022\/06\/IMG_8730-2048x1536.jpg 2048w, https:\/\/www.gaiaecocrianza.com\/blog\/wp-content\/uploads\/2022\/06\/IMG_8730-150x113.jpg 150w\" sizes=\"(max-width: 1024px) 100vw, 1024px\" \/><\/figure>\n\n\n\n<p>En las aulas de infantil es habitual ense\u00f1ar a ni\u00f1as y ni\u00f1os, d\u00eda tras d\u00eda, el t\u00edpico calendario con sus cuadr\u00edculas en blanco y los n\u00fameros que indican los d\u00edas. Tambi\u00e9n s\u00e9, por mi propia experiencia, que las criaturas no acaban de entender qu\u00e9 es lo que les estamos contando. Al fin  y al cabo, un n\u00famero escrito es a\u00fan un concepto muy <strong>abstracto <\/strong>para ellas. <\/p>\n\n\n\n<p>Entonces, \u00bfc\u00f3mo podemos <strong>ayudar a ni\u00f1os y ni\u00f1as a comprender el paso del tiempo<\/strong> de una manera <strong>visual<\/strong>, <strong>intuitiva<\/strong> y d\u00f3nde, adem\u00e1s, puedan <strong>manipular<\/strong>?<\/p>\n\n\n\n<p>El <strong>calendario manipulativo<\/strong> de <strong>Grimm<\/strong>\u00b4s es una base circular inspirada en las ense\u00f1anzas de <strong>Mar\u00eda Montessori<\/strong> y en su <strong>Teor\u00eda de la Educaci\u00f3n C\u00f3smica<\/strong>, donde se representa el a\u00f1o de forma circular: a medida que vamos pasando los meses vamos completando una vuelta hasta cumplir el a\u00f1o, tiempo que tarda la Tierra en dar una vuelta al Sol.<\/p>\n\n\n\n<figure class=\"wp-block-image size-large\"><img loading=\"lazy\" decoding=\"async\" width=\"1024\" height=\"768\" src=\"https:\/\/www.gaiaecocrianza.com\/blog\/wp-content\/uploads\/2022\/06\/IMG_8732-1-1024x768.jpg\" alt=\"\" class=\"wp-image-2371\" srcset=\"https:\/\/www.gaiaecocrianza.com\/blog\/wp-content\/uploads\/2022\/06\/IMG_8732-1-1024x768.jpg 1024w, https:\/\/www.gaiaecocrianza.com\/blog\/wp-content\/uploads\/2022\/06\/IMG_8732-1-300x225.jpg 300w, https:\/\/www.gaiaecocrianza.com\/blog\/wp-content\/uploads\/2022\/06\/IMG_8732-1-768x576.jpg 768w, https:\/\/www.gaiaecocrianza.com\/blog\/wp-content\/uploads\/2022\/06\/IMG_8732-1-1536x1152.jpg 1536w, https:\/\/www.gaiaecocrianza.com\/blog\/wp-content\/uploads\/2022\/06\/IMG_8732-1-2048x1536.jpg 2048w, https:\/\/www.gaiaecocrianza.com\/blog\/wp-content\/uploads\/2022\/06\/IMG_8732-1-150x113.jpg 150w\" sizes=\"(max-width: 1024px) 100vw, 1024px\" \/><\/figure>\n\n\n\n<h2 class=\"wp-block-heading\">Composici\u00f3n del Calendario Waldorf de Grimm\u00b4s <\/h2>\n\n\n\n<p>El calendario manipulativo de Grimm\u00b4s, consta de tres partes: base de meses, base de d\u00edas y conjunto de 12 figuras representativas de cada mes.<\/p>\n\n\n\n<h3 class=\"wp-block-heading\">Base de meses del calendario Grimm\u00b4s<\/h3>\n\n\n\n<p>Una <strong>primera base de madera<\/strong> <strong>con<\/strong> <strong>12 segmentos de colores<\/strong>. Simbolizan los <strong>12 meses del a\u00f1o<\/strong> en los que<strong> cada estaci\u00f3n est\u00e1 representada con sus respectivos colores<\/strong>, siguiendo la <strong>gradaci\u00f3n del arco iris<\/strong>. Esto \u00faltimo es caracter\u00edstico de los juguetes <strong>Waldorf<\/strong>. Pod\u00e9is leer m\u00e1s sobre el m\u00e9dodo Waldorf, as\u00ed como sobre otras <strong>metodolog\u00edas activas<\/strong> e<strong> integrale<\/strong>s, en<a href=\"https:\/\/www.unir.net\/educacion\/revista\/metodo-waldorf\/\" target=\"_blank\" rel=\"noreferrer noopener\"> este art\u00edculo de la Universidad Internacional de la Rioja<\/a><\/p>\n\n\n\n<p>Por lo tanto, en este <strong>calendario<\/strong> <strong>cada mes tiene un color<\/strong>. <\/p>\n\n\n\n<figure class=\"wp-block-image size-large\"><img loading=\"lazy\" decoding=\"async\" width=\"1024\" height=\"768\" src=\"https:\/\/www.gaiaecocrianza.com\/blog\/wp-content\/uploads\/2022\/06\/SEGMENTOS-1024x768.jpg\" alt=\"\" class=\"wp-image-2393\" srcset=\"https:\/\/www.gaiaecocrianza.com\/blog\/wp-content\/uploads\/2022\/06\/SEGMENTOS-1024x768.jpg 1024w, https:\/\/www.gaiaecocrianza.com\/blog\/wp-content\/uploads\/2022\/06\/SEGMENTOS-300x225.jpg 300w, https:\/\/www.gaiaecocrianza.com\/blog\/wp-content\/uploads\/2022\/06\/SEGMENTOS-768x576.jpg 768w, https:\/\/www.gaiaecocrianza.com\/blog\/wp-content\/uploads\/2022\/06\/SEGMENTOS-1536x1152.jpg 1536w, https:\/\/www.gaiaecocrianza.com\/blog\/wp-content\/uploads\/2022\/06\/SEGMENTOS-2048x1536.jpg 2048w, https:\/\/www.gaiaecocrianza.com\/blog\/wp-content\/uploads\/2022\/06\/SEGMENTOS-150x113.jpg 150w\" sizes=\"(max-width: 1024px) 100vw, 1024px\" \/><\/figure>\n\n\n\n<p>Desde enero (azul a\u00f1il) hasta diciembre (azul oscuro), los meses pasan siguiendo la <strong>gradaci\u00f3n de colores del arco iris<\/strong>. Adem\u00e1s, se agrupan por tonalidades dando as\u00ed lugar a las estaciones. El <strong>invierno estar\u00e1 representado por los tonos p\u00farpuras y azules<\/strong>; <strong>la primavera por los verdes y amarillos; los naranjas corresponden al verano; y el oto\u00f1o se queda con los rojos y marrones.<\/strong><\/p>\n\n\n\n<figure class=\"wp-block-image size-large\"><img loading=\"lazy\" decoding=\"async\" width=\"1024\" height=\"768\" src=\"https:\/\/www.gaiaecocrianza.com\/blog\/wp-content\/uploads\/2022\/06\/IMG_8776-1024x768.jpg\" alt=\"\" class=\"wp-image-2363\" srcset=\"https:\/\/www.gaiaecocrianza.com\/blog\/wp-content\/uploads\/2022\/06\/IMG_8776-1024x768.jpg 1024w, https:\/\/www.gaiaecocrianza.com\/blog\/wp-content\/uploads\/2022\/06\/IMG_8776-300x225.jpg 300w, https:\/\/www.gaiaecocrianza.com\/blog\/wp-content\/uploads\/2022\/06\/IMG_8776-768x576.jpg 768w, https:\/\/www.gaiaecocrianza.com\/blog\/wp-content\/uploads\/2022\/06\/IMG_8776-1536x1152.jpg 1536w, https:\/\/www.gaiaecocrianza.com\/blog\/wp-content\/uploads\/2022\/06\/IMG_8776-2048x1536.jpg 2048w, https:\/\/www.gaiaecocrianza.com\/blog\/wp-content\/uploads\/2022\/06\/IMG_8776-150x113.jpg 150w\" sizes=\"(max-width: 1024px) 100vw, 1024px\" \/><\/figure>\n\n\n\n<p>Aqu\u00ed pod\u00e9is ver representada la estaci\u00f3n de la primavera en tonos verdes y cambiando al amarillo, el comienzo del  verano.<\/p>\n\n\n\n<figure class=\"wp-block-image size-large\"><img loading=\"lazy\" decoding=\"async\" width=\"1024\" height=\"768\" src=\"https:\/\/www.gaiaecocrianza.com\/blog\/wp-content\/uploads\/2022\/06\/IMG_8795-3-1024x768.jpg\" alt=\"\" class=\"wp-image-2384\" srcset=\"https:\/\/www.gaiaecocrianza.com\/blog\/wp-content\/uploads\/2022\/06\/IMG_8795-3-1024x768.jpg 1024w, https:\/\/www.gaiaecocrianza.com\/blog\/wp-content\/uploads\/2022\/06\/IMG_8795-3-300x225.jpg 300w, https:\/\/www.gaiaecocrianza.com\/blog\/wp-content\/uploads\/2022\/06\/IMG_8795-3-768x576.jpg 768w, https:\/\/www.gaiaecocrianza.com\/blog\/wp-content\/uploads\/2022\/06\/IMG_8795-3-1536x1152.jpg 1536w, https:\/\/www.gaiaecocrianza.com\/blog\/wp-content\/uploads\/2022\/06\/IMG_8795-3-2048x1536.jpg 2048w, https:\/\/www.gaiaecocrianza.com\/blog\/wp-content\/uploads\/2022\/06\/IMG_8795-3-150x113.jpg 150w\" sizes=\"(max-width: 1024px) 100vw, 1024px\" \/><\/figure>\n\n\n\n<h3 class=\"wp-block-heading\">Base de d\u00edas del calendario Grimm\u00b4s<\/h3>\n\n\n\n<p>Una <strong>segunda base m\u00e1s grande con 31 agujeros<\/strong>, en los que cada d\u00eda se pone una bola de color y as\u00ed podemos saber cu\u00e1ndo empieza y acaba cada <strong>mes<\/strong>. <\/p>\n\n\n\n<figure class=\"wp-block-image size-large\"><img loading=\"lazy\" decoding=\"async\" width=\"1024\" height=\"768\" src=\"https:\/\/www.gaiaecocrianza.com\/blog\/wp-content\/uploads\/2022\/06\/IMG_8856-1024x768.jpg\" alt=\"\" class=\"wp-image-2364\" srcset=\"https:\/\/www.gaiaecocrianza.com\/blog\/wp-content\/uploads\/2022\/06\/IMG_8856-1024x768.jpg 1024w, https:\/\/www.gaiaecocrianza.com\/blog\/wp-content\/uploads\/2022\/06\/IMG_8856-300x225.jpg 300w, https:\/\/www.gaiaecocrianza.com\/blog\/wp-content\/uploads\/2022\/06\/IMG_8856-768x576.jpg 768w, https:\/\/www.gaiaecocrianza.com\/blog\/wp-content\/uploads\/2022\/06\/IMG_8856-1536x1152.jpg 1536w, https:\/\/www.gaiaecocrianza.com\/blog\/wp-content\/uploads\/2022\/06\/IMG_8856-2048x1536.jpg 2048w, https:\/\/www.gaiaecocrianza.com\/blog\/wp-content\/uploads\/2022\/06\/IMG_8856-150x113.jpg 150w\" sizes=\"(max-width: 1024px) 100vw, 1024px\" \/><\/figure>\n\n\n\n<figure class=\"wp-block-image size-large\"><img loading=\"lazy\" decoding=\"async\" width=\"1024\" height=\"768\" src=\"https:\/\/www.gaiaecocrianza.com\/blog\/wp-content\/uploads\/2022\/06\/IMG_8747-1024x768.jpg\" alt=\"\" class=\"wp-image-2365\" srcset=\"https:\/\/www.gaiaecocrianza.com\/blog\/wp-content\/uploads\/2022\/06\/IMG_8747-1024x768.jpg 1024w, https:\/\/www.gaiaecocrianza.com\/blog\/wp-content\/uploads\/2022\/06\/IMG_8747-300x225.jpg 300w, https:\/\/www.gaiaecocrianza.com\/blog\/wp-content\/uploads\/2022\/06\/IMG_8747-768x576.jpg 768w, https:\/\/www.gaiaecocrianza.com\/blog\/wp-content\/uploads\/2022\/06\/IMG_8747-1536x1152.jpg 1536w, https:\/\/www.gaiaecocrianza.com\/blog\/wp-content\/uploads\/2022\/06\/IMG_8747-2048x1536.jpg 2048w, https:\/\/www.gaiaecocrianza.com\/blog\/wp-content\/uploads\/2022\/06\/IMG_8747-150x113.jpg 150w\" sizes=\"(max-width: 1024px) 100vw, 1024px\" \/><\/figure>\n\n\n\n<p>Este <strong>calendario de Grimm\u00b4s<\/strong> viene con 35 bolitas en 7 colores diferentes que representan los&nbsp;<strong>7 d\u00edas de la semana<\/strong>. Desde <strong>Grimm\u2019s<\/strong> explican que se puede elegir el color que m\u00e1s nos guste para cada d\u00eda, siempre la misma, y recomiendan usar la misma secuencia de color que sigue el propio calendario. As\u00ed, la  secuencia ser\u00eda: <strong>Lunes: azul; Martes: verde; Mi\u00e9rcoles: amarillo; Jueves: naranja; Viernes: rojo; S\u00e1bado: fucsia; Domingo: violeta.<\/strong><\/p>\n\n\n\n<figure class=\"wp-block-image size-large\"><img loading=\"lazy\" decoding=\"async\" width=\"1024\" height=\"768\" src=\"https:\/\/www.gaiaecocrianza.com\/blog\/wp-content\/uploads\/2022\/06\/IMG_8749-1024x768.jpg\" alt=\"\" class=\"wp-image-2366\" srcset=\"https:\/\/www.gaiaecocrianza.com\/blog\/wp-content\/uploads\/2022\/06\/IMG_8749-1024x768.jpg 1024w, https:\/\/www.gaiaecocrianza.com\/blog\/wp-content\/uploads\/2022\/06\/IMG_8749-300x225.jpg 300w, https:\/\/www.gaiaecocrianza.com\/blog\/wp-content\/uploads\/2022\/06\/IMG_8749-768x576.jpg 768w, https:\/\/www.gaiaecocrianza.com\/blog\/wp-content\/uploads\/2022\/06\/IMG_8749-1536x1152.jpg 1536w, https:\/\/www.gaiaecocrianza.com\/blog\/wp-content\/uploads\/2022\/06\/IMG_8749-2048x1536.jpg 2048w, https:\/\/www.gaiaecocrianza.com\/blog\/wp-content\/uploads\/2022\/06\/IMG_8749-150x113.jpg 150w\" sizes=\"(max-width: 1024px) 100vw, 1024px\" \/><\/figure>\n\n\n\n<h3 class=\"wp-block-heading\">Conjunto de figuras representativas de 12 meses del calendario Grimm\u00b4s<\/h3>\n\n\n\n<p>Adem\u00e1s <strong>cada mes se asocia con una<\/strong> <strong>figura representativa<\/strong>. Todas <strong>tienen un significado<\/strong>.<\/p>\n\n\n\n<figure class=\"wp-block-image size-large\"><img loading=\"lazy\" decoding=\"async\" width=\"1024\" height=\"768\" src=\"https:\/\/www.gaiaecocrianza.com\/blog\/wp-content\/uploads\/2022\/06\/IMG_8764-2-1024x768.jpg\" alt=\"\" class=\"wp-image-2385\" srcset=\"https:\/\/www.gaiaecocrianza.com\/blog\/wp-content\/uploads\/2022\/06\/IMG_8764-2-1024x768.jpg 1024w, https:\/\/www.gaiaecocrianza.com\/blog\/wp-content\/uploads\/2022\/06\/IMG_8764-2-300x225.jpg 300w, https:\/\/www.gaiaecocrianza.com\/blog\/wp-content\/uploads\/2022\/06\/IMG_8764-2-768x576.jpg 768w, https:\/\/www.gaiaecocrianza.com\/blog\/wp-content\/uploads\/2022\/06\/IMG_8764-2-1536x1152.jpg 1536w, https:\/\/www.gaiaecocrianza.com\/blog\/wp-content\/uploads\/2022\/06\/IMG_8764-2-2048x1536.jpg 2048w, https:\/\/www.gaiaecocrianza.com\/blog\/wp-content\/uploads\/2022\/06\/IMG_8764-2-150x113.jpg 150w\" sizes=\"(max-width: 1024px) 100vw, 1024px\" \/><\/figure>\n\n\n\n<figure class=\"wp-block-image size-large\"><img loading=\"lazy\" decoding=\"async\" width=\"1024\" height=\"576\" src=\"https:\/\/www.gaiaecocrianza.com\/blog\/wp-content\/uploads\/2022\/06\/FIGURAS-1024x576.png\" alt=\"\" class=\"wp-image-2391\" srcset=\"https:\/\/www.gaiaecocrianza.com\/blog\/wp-content\/uploads\/2022\/06\/FIGURAS-1024x576.png 1024w, https:\/\/www.gaiaecocrianza.com\/blog\/wp-content\/uploads\/2022\/06\/FIGURAS-300x169.png 300w, https:\/\/www.gaiaecocrianza.com\/blog\/wp-content\/uploads\/2022\/06\/FIGURAS-768x432.png 768w, https:\/\/www.gaiaecocrianza.com\/blog\/wp-content\/uploads\/2022\/06\/FIGURAS-1536x864.png 1536w, https:\/\/www.gaiaecocrianza.com\/blog\/wp-content\/uploads\/2022\/06\/FIGURAS-2048x1152.png 2048w, https:\/\/www.gaiaecocrianza.com\/blog\/wp-content\/uploads\/2022\/06\/FIGURAS-150x84.png 150w\" sizes=\"(max-width: 1024px) 100vw, 1024px\" \/><\/figure>\n\n\n\n<h2 class=\"wp-block-heading\">C\u00f3mo usar el calendario Waldorf de Grimm\u00b4s en el aula<\/h2>\n\n\n\n<p><strong>El primer d\u00eda de un mes colocamos en el anillo central el segmento del mes correspondiente<\/strong>, que adem\u00e1s tiene una <strong>figura de madera representativa<\/strong>. Tambi\u00e9n <strong>ponemos la primera bola en el disco exterior<\/strong>. <strong>As\u00ed haremos hasta que finalice el mes (cada d\u00eda una bola) hasta poder incorporar el siguiente segmento<\/strong>. <\/p>\n\n\n\n<p>Adem\u00e1s, <strong>cada vez que se completa una semana<\/strong> (esto lo sabremos por los colores de las bolas), <strong>pondremos tambi\u00e9n una bola en el segmento del mes<\/strong> (donde hay 4 agujeros que simbolizan las <strong>semanas<\/strong>).<\/p>\n\n\n\n<div class=\"wp-block-image\"><figure class=\"aligncenter size-large\"><img loading=\"lazy\" decoding=\"async\" width=\"1024\" height=\"768\" src=\"https:\/\/www.gaiaecocrianza.com\/blog\/wp-content\/uploads\/2022\/06\/IMG_8805-1024x768.jpg\" alt=\"\" class=\"wp-image-2372\" srcset=\"https:\/\/www.gaiaecocrianza.com\/blog\/wp-content\/uploads\/2022\/06\/IMG_8805-1024x768.jpg 1024w, https:\/\/www.gaiaecocrianza.com\/blog\/wp-content\/uploads\/2022\/06\/IMG_8805-300x225.jpg 300w, https:\/\/www.gaiaecocrianza.com\/blog\/wp-content\/uploads\/2022\/06\/IMG_8805-768x576.jpg 768w, https:\/\/www.gaiaecocrianza.com\/blog\/wp-content\/uploads\/2022\/06\/IMG_8805-1536x1152.jpg 1536w, https:\/\/www.gaiaecocrianza.com\/blog\/wp-content\/uploads\/2022\/06\/IMG_8805-2048x1536.jpg 2048w, https:\/\/www.gaiaecocrianza.com\/blog\/wp-content\/uploads\/2022\/06\/IMG_8805-150x113.jpg 150w\" sizes=\"(max-width: 1024px) 100vw, 1024px\" \/><figcaption>La fecha que aparece en el calendario es el 14 de junio<\/figcaption><\/figure><\/div>\n\n\n\n<p>Tambi\u00e9n pod\u00e9is simbolizar<strong> el paso de las semanas<\/strong> con unos soportes de metal donde se colocan velas. <\/p>\n\n\n\n<figure class=\"wp-block-image size-large\"><img loading=\"lazy\" decoding=\"async\" width=\"1024\" height=\"768\" src=\"https:\/\/www.gaiaecocrianza.com\/blog\/wp-content\/uploads\/2022\/06\/IMG_8810-1024x768.jpg\" alt=\"\" class=\"wp-image-2379\" srcset=\"https:\/\/www.gaiaecocrianza.com\/blog\/wp-content\/uploads\/2022\/06\/IMG_8810-1024x768.jpg 1024w, https:\/\/www.gaiaecocrianza.com\/blog\/wp-content\/uploads\/2022\/06\/IMG_8810-300x225.jpg 300w, https:\/\/www.gaiaecocrianza.com\/blog\/wp-content\/uploads\/2022\/06\/IMG_8810-768x576.jpg 768w, https:\/\/www.gaiaecocrianza.com\/blog\/wp-content\/uploads\/2022\/06\/IMG_8810-1536x1152.jpg 1536w, https:\/\/www.gaiaecocrianza.com\/blog\/wp-content\/uploads\/2022\/06\/IMG_8810-2048x1536.jpg 2048w, https:\/\/www.gaiaecocrianza.com\/blog\/wp-content\/uploads\/2022\/06\/IMG_8810-150x113.jpg 150w\" sizes=\"(max-width: 1024px) 100vw, 1024px\" \/><\/figure>\n\n\n\n<p>Este material ayuda mucho tambi\u00e9n la que las ni\u00f1as y ni\u00f1os entiendan cuando llegan los<strong> d\u00edas especiales<\/strong>. Por ejemplo, pod\u00e9is indicar con una nota en un <strong>soporte de madera<\/strong> cuando son los<strong> aniversarios<\/strong> y as\u00ed ellas pueden <strong>visualizar<\/strong> y <strong>entender cu\u00e1ntos d\u00edas faltan<\/strong>. <\/p>\n\n\n\n<figure class=\"wp-block-image size-large\"><img loading=\"lazy\" decoding=\"async\" width=\"1024\" height=\"768\" src=\"https:\/\/www.gaiaecocrianza.com\/blog\/wp-content\/uploads\/2022\/06\/IMG_8814-1024x768.jpg\" alt=\"\" class=\"wp-image-2376\" srcset=\"https:\/\/www.gaiaecocrianza.com\/blog\/wp-content\/uploads\/2022\/06\/IMG_8814-1024x768.jpg 1024w, https:\/\/www.gaiaecocrianza.com\/blog\/wp-content\/uploads\/2022\/06\/IMG_8814-300x225.jpg 300w, https:\/\/www.gaiaecocrianza.com\/blog\/wp-content\/uploads\/2022\/06\/IMG_8814-768x576.jpg 768w, https:\/\/www.gaiaecocrianza.com\/blog\/wp-content\/uploads\/2022\/06\/IMG_8814-1536x1152.jpg 1536w, https:\/\/www.gaiaecocrianza.com\/blog\/wp-content\/uploads\/2022\/06\/IMG_8814-2048x1536.jpg 2048w, https:\/\/www.gaiaecocrianza.com\/blog\/wp-content\/uploads\/2022\/06\/IMG_8814-150x113.jpg 150w\" sizes=\"(max-width: 1024px) 100vw, 1024px\" \/><\/figure>\n\n\n\n<figure class=\"wp-block-image size-large\"><img loading=\"lazy\" decoding=\"async\" width=\"1024\" height=\"768\" src=\"https:\/\/www.gaiaecocrianza.com\/blog\/wp-content\/uploads\/2022\/06\/IMG_8813-1024x768.jpg\" alt=\"\" class=\"wp-image-2377\" srcset=\"https:\/\/www.gaiaecocrianza.com\/blog\/wp-content\/uploads\/2022\/06\/IMG_8813-1024x768.jpg 1024w, https:\/\/www.gaiaecocrianza.com\/blog\/wp-content\/uploads\/2022\/06\/IMG_8813-300x225.jpg 300w, https:\/\/www.gaiaecocrianza.com\/blog\/wp-content\/uploads\/2022\/06\/IMG_8813-768x576.jpg 768w, https:\/\/www.gaiaecocrianza.com\/blog\/wp-content\/uploads\/2022\/06\/IMG_8813-1536x1152.jpg 1536w, https:\/\/www.gaiaecocrianza.com\/blog\/wp-content\/uploads\/2022\/06\/IMG_8813-2048x1536.jpg 2048w, https:\/\/www.gaiaecocrianza.com\/blog\/wp-content\/uploads\/2022\/06\/IMG_8813-150x113.jpg 150w\" sizes=\"(max-width: 1024px) 100vw, 1024px\" \/><\/figure>\n\n\n\n<p>Cuando ven que faltan pocas bolas hasta llegar a la nota, su emoci\u00f3n es may\u00fascula. <strong>Marcad los festejos m\u00e1s significativos<\/strong> como el carnaval, la navidad, las vacaciones, una excursi\u00f3n\u2026 ser\u00e1 mucho m\u00e1s sencillo para ellas <strong>comprender el ritmo anual y el paso del tiempo.<\/strong><\/p>\n\n\n\n<figure class=\"wp-block-image size-large\"><img loading=\"lazy\" decoding=\"async\" width=\"1024\" height=\"768\" src=\"https:\/\/www.gaiaecocrianza.com\/blog\/wp-content\/uploads\/2022\/06\/IMG_8832-1024x768.jpg\" alt=\"\" class=\"wp-image-2380\" srcset=\"https:\/\/www.gaiaecocrianza.com\/blog\/wp-content\/uploads\/2022\/06\/IMG_8832-1024x768.jpg 1024w, https:\/\/www.gaiaecocrianza.com\/blog\/wp-content\/uploads\/2022\/06\/IMG_8832-300x225.jpg 300w, https:\/\/www.gaiaecocrianza.com\/blog\/wp-content\/uploads\/2022\/06\/IMG_8832-768x576.jpg 768w, https:\/\/www.gaiaecocrianza.com\/blog\/wp-content\/uploads\/2022\/06\/IMG_8832-1536x1152.jpg 1536w, https:\/\/www.gaiaecocrianza.com\/blog\/wp-content\/uploads\/2022\/06\/IMG_8832-2048x1536.jpg 2048w, https:\/\/www.gaiaecocrianza.com\/blog\/wp-content\/uploads\/2022\/06\/IMG_8832-150x113.jpg 150w\" sizes=\"(max-width: 1024px) 100vw, 1024px\" \/><\/figure>\n\n\n\n<p>En Gaia estamos enamoradas de este calendario. Re\u00fane toda la calidad y calidez de los materiales de Grimm\u00b4s. Y s\u00ed, es un material caro, pero os acompa\u00f1ar\u00e1 durante un mont\u00f3n de a\u00f1os en casa y en el aula, sin que el implacable paso del tiempo meng\u00fce un \u00e1pice su gran calidad. <\/p>\n","protected":false},"excerpt":{"rendered":"<p>El calendario manipulativo de Grimm\u00b4s es una base circular inspirada en las ense\u00f1anzas de Mar\u00eda Montessori y en su Teor\u00eda de la Educaci\u00f3n C\u00f3smica, donde se representa el a\u00f1o de forma circular: a medida que vamos pasando los meses vamos completando una vuelta hasta cumplir el a\u00f1o, tiempo que tarda la Tierra en dar una vuelta al Sol. <\/p>\n","protected":false},"author":5,"featured_media":2426,"comment_status":"closed","ping_status":"open","sticky":false,"template":"","format":"standard","meta":{"footnotes":""},"categories":[4],"tags":[644,642,643,645],"aioseo_notices":[],"_links":{"self":[{"href":"https:\/\/www.gaiaecocrianza.com\/blog\/wp-json\/wp\/v2\/posts\/2348"}],"collection":[{"href":"https:\/\/www.gaiaecocrianza.com\/blog\/wp-json\/wp\/v2\/posts"}],"about":[{"href":"https:\/\/www.gaiaecocrianza.com\/blog\/wp-json\/wp\/v2\/types\/post"}],"author":[{"embeddable":true,"href":"https:\/\/www.gaiaecocrianza.com\/blog\/wp-json\/wp\/v2\/users\/5"}],"replies":[{"embeddable":true,"href":"https:\/\/www.gaiaecocrianza.com\/blog\/wp-json\/wp\/v2\/comments?post=2348"}],"version-history":[{"count":30,"href":"https:\/\/www.gaiaecocrianza.com\/blog\/wp-json\/wp\/v2\/posts\/2348\/revisions"}],"predecessor-version":[{"id":2575,"href":"https:\/\/www.gaiaecocrianza.com\/blog\/wp-json\/wp\/v2\/posts\/2348\/revisions\/2575"}],"wp:featuredmedia":[{"embeddable":true,"href":"https:\/\/www.gaiaecocrianza.com\/blog\/wp-json\/wp\/v2\/media\/2426"}],"wp:attachment":[{"href":"https:\/\/www.gaiaecocrianza.com\/blog\/wp-json\/wp\/v2\/media?parent=2348"}],"wp:term":[{"taxonomy":"category","embeddable":true,"href":"https:\/\/www.gaiaecocrianza.com\/blog\/wp-json\/wp\/v2\/categories?post=2348"},{"taxonomy":"post_tag","embeddable":true,"href":"https:\/\/www.gaiaecocrianza.com\/blog\/wp-json\/wp\/v2\/tags?post=2348"}],"curies":[{"name":"wp","href":"https:\/\/api.w.org\/{rel}","templated":true}]}}